{"id":174,"date":"2020-08-12T13:03:18","date_gmt":"2020-08-12T11:03:18","guid":{"rendered":"https:\/\/gerd-passmann.de\/?p=174"},"modified":"2020-08-12T13:06:46","modified_gmt":"2020-08-12T11:06:46","slug":"corona-und-danach","status":"publish","type":"post","link":"https:\/\/gerd-passmann.de\/?p=174","title":{"rendered":"Corona &#8211; und danach?"},"content":{"rendered":"\n<p>Viele haben in Berlin gegen die Verordnungen zur Eind\u00e4mmung von Corona protestiert. Auch in Stuttgart und Dortmund sind viele demonstrieren gegangen. Ihr gutes Recht. Aber ihre Ansichten teile ich nicht.<\/p>\n\n\n\n<p>Die Welt, wie ich sie seit Jahrzehnten kenne, ist zusammengebrochen. Finde ich schlimm. Aber sie wird so nicht mehr wiederkehren. Nun geh\u00f6re ich jedoch zu denjenigen, die versuchen, in jeder Lage auch die positiven Aspekte zu sehen. Vielleicht haben wir ja die Chance, eine bessere Welt zu gestalten. Dar\u00fcber w\u00fcrde ich gern mit vielen diskutieren wollen, denn f\u00fcr jeden mag ja die &#8222;bessere&#8220; Welt anders gestrickt sein.<\/p>\n\n\n\n<p>Ich w\u00fcrde auch mit denen diskutieren, die gegen eine Impfpflicht sind und mit denen, die glauben, dass Bill Gates die Welt versklaven will. Aber ich vermute, dass diese Menschen mit mir gar nicht diskutieren wollen. Sie haben Gewissheiten, die ich nicht teile. Und \u00fcber Gewissheiten kann man nicht diskutieren, dies sind ja schlie\u00dflich a priori feststehende Tatsachen. Die einzigen, die diese Menschen unterst\u00fctzen und nicht ihrer Meinung sind, sind dann die ganz rechten, die von Freiheit und Meinungsfreiheit sprechen, ja schreien. Aber mein Eindruck ist, dass sie damit nur ihre eigene Freiheit und Meinungsfreiheit meinen, nicht meine.<\/p>\n\n\n\n<p>Da wir nun einige Zeit mit der Corona-Infektion besch\u00e4ftigt sind, finde ich es nun angebracht, nicht mehr nur \u00fcber die Eind\u00e4mmung der Infektion zu sprechen, sondern ebenfalls dar\u00fcber, wie wir die Welt danach gestalten wollen.<\/p>\n\n\n\n<p>&#8211; Globalisierung? Ja bitte, aber gerecht. Auch die N\u00e4herin in Bangladesch braucht einen ordentlichen Verdienst und menschliche Arbeitsverh\u00e4ltnisse<\/p>\n\n\n\n<p>&#8211; Umverteilung von Oben nach Unten? W\u00e4re schon gut, die Einkommen unten zu verbessern, so n\u00e4hern sich Oben und Unten an, ohne dass man Oben etwas wegnehmen muss. Kommt Oben nur nicht mehr so viel hinzu wie bisher.<\/p>\n\n\n\n<p>&#8211; Atomwaffen? W\u00fcrde ich nie einsetzen wollen. Darum brauche ich auch keinen Zugriff darauf. Denn Massenvernichtungswaffen sind per se mit Menschlichkeit nicht vereinbar.<\/p>\n\n\n\n<p>&#8211; Mehr europ\u00e4ische Union? Ja, denn allein sind wir auf diesem Kontinent ja doch nicht und unsere Art zu leben, wird von gro\u00dfen global Playern in Frage gestellt. Damit meine ich nicht nur Russland und China, sondern auch Facebook, Google und Co.. Dann m\u00fcssen wir allerdings auch damit leben, dass Polen, Ungarn, Italiener, Spanier und alle anderen Nationalit\u00e4ten die Welt etwas anders betrachten als wir. Ich will kein deutsches Europa, sondern ein europ\u00e4isches Deutschland, Frankreich, Italien, Polen usw..<\/p>\n\n\n\n<p>&#8211; Gerechtere Arbeitswelt? Ja, unbezahlte Praktika, Zeitarbeit als Dauerbesch\u00e4ftigung und Werkvertr\u00e4ge zur Umgehung von Arbeitnehmerrechten finde ich schlimm. Eine Arbeitswoche mit 40 Stunden und dann sein Leben mit dem erhaltenen Lohn nicht bezahlen zu k\u00f6nnen, finde ich ebenfalls schlimm.<\/p>\n\n\n\n<p>&#8211; Immer mehr produzieren? Kann gar nicht funktionieren. Schon gar nicht, wenn die Produzenten nicht f\u00fcr die R\u00fccknahme ihrer Produkte nach Gebrauch in Anspruch genommen werden. Dazu mehr in einem eigenen Artikel.<\/p>\n\n\n\n<p>&#8211;  Noch mehr \u00c4nderungen? Ja, vermutlich. Bin gespannt, was ich noch alles nicht bedacht habe.<\/p>\n","protected":false},"excerpt":{"rendered":"<p>Viele haben in Berlin gegen die Verordnungen zur Eind\u00e4mmung von Corona protestiert. Auch in Stuttgart und Dortmund sind viele demonstrieren gegangen. Ihr gutes Recht. Aber ihre Ansichten teile ich nicht. Die Welt, wie ich sie seit Jahrzehnten kenne, ist zusammengebrochen. Finde ich schlimm. Aber sie wird so nicht mehr wiederkehren. Nun geh\u00f6re ich jedoch zu &hellip; <\/p>\n<p class=\"link-more\"><a href=\"https:\/\/gerd-passmann.de\/?p=174\" class=\"more-link\"><span class=\"screen-reader-text\">\u201eCorona &#8211; und danach?\u201c <\/span>weiterlesen<\/a><\/p>\n","protected":false},"author":2,"featured_media":0,"comment_status":"open","ping_status":"open","sticky":false,"template":"","format":"standard","meta":{"footnotes":""},"categories":[1],"tags":[14,17,16,15],"class_list":["post-174","post","type-post","status-publish","format-standard","hentry","category-uncategorized","tag-corona","tag-demonstration","tag-maskenpflicht","tag-politik"],"_links":{"self":[{"href":"https:\/\/gerd-passmann.de\/index.php?rest_route=\/wp\/v2\/posts\/174","targetHints":{"allow":["GET"]}}],"collection":[{"href":"https:\/\/gerd-passmann.de\/index.php?rest_route=\/wp\/v2\/posts"}],"about":[{"href":"https:\/\/gerd-passmann.de\/index.php?rest_route=\/wp\/v2\/types\/post"}],"author":[{"embeddable":true,"href":"https:\/\/gerd-passmann.de\/index.php?rest_route=\/wp\/v2\/users\/2"}],"replies":[{"embeddable":true,"href":"https:\/\/gerd-passmann.de\/index.php?rest_route=%2Fwp%2Fv2%2Fcomments&post=174"}],"version-history":[{"count":2,"href":"https:\/\/gerd-passmann.de\/index.php?rest_route=\/wp\/v2\/posts\/174\/revisions"}],"predecessor-version":[{"id":177,"href":"https:\/\/gerd-passmann.de\/index.php?rest_route=\/wp\/v2\/posts\/174\/revisions\/177"}],"wp:attachment":[{"href":"https:\/\/gerd-passmann.de\/index.php?rest_route=%2Fwp%2Fv2%2Fmedia&parent=174"}],"wp:term":[{"taxonomy":"category","embeddable":true,"href":"https:\/\/gerd-passmann.de\/index.php?rest_route=%2Fwp%2Fv2%2Fcategories&post=174"},{"taxonomy":"post_tag","embeddable":true,"href":"https:\/\/gerd-passmann.de\/index.php?rest_route=%2Fwp%2Fv2%2Ftags&post=174"}],"curies":[{"name":"wp","href":"https:\/\/api.w.org\/{rel}","templated":true}]}}